{"id":1977,"date":"2025-12-09T21:43:19","date_gmt":"2025-12-09T21:43:19","guid":{"rendered":"https:\/\/deedeemode-tkaniny.pl\/blog-news\/?p=1977"},"modified":"2025-12-09T21:43:19","modified_gmt":"2025-12-09T21:43:19","slug":"1-5-14","status":"publish","type":"post","link":"https:\/\/deedeemode-tkaniny.pl\/blog-news\/1-5-14\/","title":{"rendered":"Jakie s\u0105 wymiary po\u015bcieli? Tabela rozmiar\u00f3w po\u015bcieli:"},"content":{"rendered":"<table>\n<thead>\n<tr>\n<th>ROZMIAR PO\u015aCIELI<\/th>\n<th>PRZE\u015aCIERAD\u0141O<\/th>\n<th>POSZEWA NA KO\u0141DR\u0118<\/th>\n<th>POSZEWKA NA PODUSZK\u0118<\/th>\n<\/tr>\n<\/thead>\n<tbody>\n<tr>\n<td>Dzieci\u0119cy<\/td>\n<td>100&#215;150<\/td>\n<td>147&#215;112<\/td>\n<td>40&#215;60 (1 szt.)<\/td>\n<\/tr>\n<tr>\n<td>1,5 osobowy<\/td>\n<td>145&#215;214<\/td>\n<td>143&#215;215<\/td>\n<td>70&#215;70 (2 szt.)<\/td>\n<\/tr>\n<tr>\n<td>2 osobowy<\/td>\n<td>195&#215;220<\/td>\n<td>175&#215;215<\/td>\n<td>70&#215;70 (2 szt.)<\/td>\n<\/tr>\n<tr>\n<td>2 os. euro prze\u015bcierad\u0142o<\/td>\n<td>220&#215;240<\/td>\n<td>175&#215;215<\/td>\n<td>70&#215;70 (2 szt.)<\/td>\n<\/tr>\n<tr>\n<td>Euro 1<\/td>\n<td>220&#215;240<\/td>\n<td>200&#215;220<\/td>\n<td>70&#215;70 (2 szt.)<\/td>\n<\/tr>\n<\/tbody>\n<\/table>\n<p><strong>Czym r\u00f3\u017cni si\u0119 po\u015bciel dwuosobowa od euro?<\/strong><\/p>\n<ul>\n<li>\n<p><strong>Rozmiar<\/strong>: <\/p>\n<ul>\n<li>Po\u015bciel dwuosobowa: 200&#215;220 cm <\/li>\n<li>Po\u015bciel euro: 240&#215;220 cm (o 40 cm szersza)<\/li>\n<\/ul>\n<\/li>\n<li>\n<p><strong>Kszta\u0142t<\/strong>: <\/p>\n<ul>\n<li>Po\u015bciel dwuosobowa: prostok\u0105tna <\/li>\n<li>Po\u015bciel euro: kwadratowa <\/li>\n<\/ul>\n<\/li>\n<li>\n<p><strong>Styl i design<\/strong>:<\/p>\n<ul>\n<li>Po\u015bciel euro: nowoczesny i stylowy <\/li>\n<li>Po\u015bciel dwuosobowa: bardziej tradycyjny design <\/li>\n<\/ul>\n<\/li>\n<\/ul>\n<p>W ten spos\u00f3b, po\u015bciel euro i dwuosobowa maj\u0105 szereg r\u00f3\u017cnic, kt\u00f3re mog\u0105 by\u0107 wa\u017cne przy wyborze po\u015bcieli do twojej sypialni.<\/p>\n<h2>Jaki wymiar ma ko\u0142dra 1,5-osobowa?<\/h2>\n<p>Standardowy wymiar ko\u0142dry 1,5-osobowej to <strong>140&#215;205 cm<\/strong>. Ko\u0142drze o takich wymiarach wiele lat temu nadano nazw\u0119 \u201erodzinna p\u00f3\u0142torowa\u201d, poniewa\u017c zazwyczaj przykrywano ni\u0105 dwie osoby na p\u00f3\u0142torowym \u0142\u00f3\u017cku. <\/p>\n<p>Obecnie produkuj\u0105 bardziej komfortowe ko\u0142dry o wymiarach <strong>155&#215;215 cm<\/strong> \u2013 euro p\u00f3\u0142torowe. Jest to najpopularniejszy rozmiar w wykonaniu p\u00f3\u0142torowym, a ko\u0142dry 140&#215;205 cm obecnie s\u0105 ch\u0119tniej kupowane dla dzieci. Dla p\u00f3\u0142torowych ko\u0142der \u0142atwo dobra\u0107 poszewki w zestawach po\u015bcielowych lub oddzielnie:<\/p>\n<table>\n<thead>\n<tr>\n<th>Wymiar poszewki<\/th>\n<th>Typ<\/th>\n<\/tr>\n<\/thead>\n<tbody>\n<tr>\n<td>143&#215;210 cm<\/td>\n<td>zwyk\u0142a p\u00f3\u0142torowa (jednoosobowa)<\/td>\n<\/tr>\n<tr>\n<td>160&#215;220 cm<\/td>\n<td>euro p\u00f3\u0142torowa<\/td>\n<\/tr>\n<\/tbody>\n<\/table>\n<p>W miar\u0119 dorastania dziecka mo\u017cna kupowa\u0107 p\u00f3\u0142torowe (jednoosobowe) 140&#215;205 cm, a nast\u0119pnie euro p\u00f3\u0142torowe 155&#215;215 cm modele ko\u0142der.<\/p>\n","protected":false},"excerpt":{"rendered":"<p>ROZMIAR PO\u015aCIELI PRZE\u015aCIERAD\u0141O POSZEWA NA KO\u0141DR\u0118 POSZEWKA NA PODUSZK\u0118 Dzieci\u0119cy 100&#215;150 147&#215;112 40&#215;60 (1 szt.) 1,5 osobowy 145&#215;214 143&#215;215 70&#215;70 (2 szt.) 2 osobowy 195&#215;220 175&#215;215 70&#215;70 (2 szt.) 2 os. euro prze\u015bcierad\u0142o 220&#215;240 175&#215;215 70&#215;70 (2 szt.) Euro 1 220&#215;240 200&#215;220 70&#215;70 (2 szt.) Czym r\u00f3\u017cni si\u0119 po\u015bciel dwuosobowa od euro? Rozmiar: Po\u015bciel dwuosobowa: &#8230; <a title=\"Jakie s\u0105 wymiary po\u015bcieli? Tabela rozmiar\u00f3w po\u015bcieli:\" class=\"read-more\" href=\"https:\/\/deedeemode-tkaniny.pl\/blog-news\/1-5-14\/\" aria-label=\"Dowiedz si\u0119 wi\u0119cej o Jakie s\u0105 wymiary po\u015bcieli? Tabela rozmiar\u00f3w po\u015bcieli:\">Dowiedz si\u0119 wi\u0119cej<\/a><\/p>\n","protected":false},"author":511,"featured_media":0,"comment_status":"open","ping_status":"open","sticky":false,"template":"","format":"standard","meta":{"footnotes":""},"categories":[49],"tags":[],"class_list":["post-1977","post","type-post","status-publish","format-standard","hentry","category-j"],"_links":{"self":[{"href":"https:\/\/deedeemode-tkaniny.pl\/blog-news\/wp-json\/wp\/v2\/posts\/1977","targetHints":{"allow":["GET"]}}],"collection":[{"href":"https:\/\/deedeemode-tkaniny.pl\/blog-news\/wp-json\/wp\/v2\/posts"}],"about":[{"href":"https:\/\/deedeemode-tkaniny.pl\/blog-news\/wp-json\/wp\/v2\/types\/post"}],"author":[{"embeddable":true,"href":"https:\/\/deedeemode-tkaniny.pl\/blog-news\/wp-json\/wp\/v2\/users\/511"}],"replies":[{"embeddable":true,"href":"https:\/\/deedeemode-tkaniny.pl\/blog-news\/wp-json\/wp\/v2\/comments?post=1977"}],"version-history":[{"count":1,"href":"https:\/\/deedeemode-tkaniny.pl\/blog-news\/wp-json\/wp\/v2\/posts\/1977\/revisions"}],"predecessor-version":[{"id":3476,"href":"https:\/\/deedeemode-tkaniny.pl\/blog-news\/wp-json\/wp\/v2\/posts\/1977\/revisions\/3476"}],"wp:attachment":[{"href":"https:\/\/deedeemode-tkaniny.pl\/blog-news\/wp-json\/wp\/v2\/media?parent=1977"}],"wp:term":[{"taxonomy":"category","embeddable":true,"href":"https:\/\/deedeemode-tkaniny.pl\/blog-news\/wp-json\/wp\/v2\/categories?post=1977"},{"taxonomy":"post_tag","embeddable":true,"href":"https:\/\/deedeemode-tkaniny.pl\/blog-news\/wp-json\/wp\/v2\/tags?post=1977"}],"curies":[{"name":"wp","href":"https:\/\/api.w.org\/{rel}","templated":true}]}}