{"id":2171,"date":"2025-05-21T23:00:07","date_gmt":"2025-05-21T23:00:07","guid":{"rendered":"https:\/\/deedeemode-tkaniny.pl\/blog-news\/?p=2171"},"modified":"2025-05-21T23:00:07","modified_gmt":"2025-05-21T23:00:07","slug":"jaki-rozmiar-ma-posciel-poltorej-osobowej-posciel-wedlug-gost","status":"publish","type":"post","link":"https:\/\/deedeemode-tkaniny.pl\/blog-news\/jaki-rozmiar-ma-posciel-poltorej-osobowej-posciel-wedlug-gost\/","title":{"rendered":"Jaki rozmiar ma po\u015bciel p\u00f3\u0142torej osobowej? Po\u015bciel wed\u0142ug GOST"},"content":{"rendered":"<p>Zgodnie z rosyjskim GOSTem, po\u015bciel mo\u017cna podzieli\u0107 na: <strong>dzieci\u0119c\u0105<\/strong>, <strong>p\u00f3\u0142torej osobow\u0105<\/strong>, <strong>dwuosobow\u0105<\/strong>, <strong>dwuosobow\u0105 z prze\u015bcierad\u0142em euro<\/strong>, <strong>euro<\/strong> i <strong>rodzinn\u0105<\/strong>.<\/p>\n<h2>Wymiary po\u015bcieli p\u00f3\u0142torej osobowej<\/h2>\n<table>\n<thead>\n<tr>\n<th>Element<\/th>\n<th>Wymiary<\/th>\n<\/tr>\n<\/thead>\n<tbody>\n<tr>\n<td>Prze\u015bcierad\u0142o<\/td>\n<td>145&#215;214 cm<\/td>\n<\/tr>\n<tr>\n<td>Poszwa na ko\u0142dr\u0119<\/td>\n<td>143&#215;215 cm<\/td>\n<\/tr>\n<tr>\n<td>Poszewka na poduszk\u0119<\/td>\n<td>70&#215;70 cm (2 szt.)<\/td>\n<\/tr>\n<\/tbody>\n<\/table>\n<p>Po\u015bciel p\u00f3\u0142torej osobowa idealnie nadaje si\u0119 na \u0142\u00f3\u017cko, na kt\u00f3rym \u015bpi jedna osoba i dla ko\u0142dry o szeroko\u015bci 140-150 cm. Zestaw sk\u0142ada si\u0119 z:<\/p>\n<ul>\n<li>1 lub 2 poszewek na poduszk\u0119 (70&#215;70)<\/li>\n<li>poszwy na ko\u0142dr\u0119 (143&#215;215)<\/li>\n<li>prze\u015bcierad\u0142a (145&#215;214)<\/li>\n<\/ul>\n<p>Wa\u017cne jest zauwa\u017cy\u0107, \u017ce rozmiar materaca (\u0142\u00f3\u017cka) dla po\u015bcieli p\u00f3\u0142torej osobowej powinien wynosi\u0107 od <strong>90 do 140 cm<\/strong>.<\/p>\n<h2>Co znaczy jedno i p\u00f3\u0142osobowe?<\/h2>\n<p>1.5 osobowe (p\u00f3\u0142tora) Miejsce do spania \u0142\u00f3\u017cka ma wymiary:<\/p>\n<ul>\n<li>90&#215;200 cm dla rozmiaru 1,5-osobowego<\/li>\n<li>70&#215;200 cm dla rozmiaru jednoosobowego<\/li>\n<\/ul>\n<p>Te rozmiary kupuje si\u0119, gdy zestaw potrzebny jest na ma\u0142e \u0142\u00f3\u017cko dla jednej osoby. Klasyczne wymiary &quot;1.5 osobowej&quot;:<\/p>\n<table>\n<thead>\n<tr>\n<th>Element<\/th>\n<th>Wymiary<\/th>\n<\/tr>\n<\/thead>\n<tbody>\n<tr>\n<td>Prze\u015bcierad\u0142o<\/td>\n<td>215&#215;145 cm<\/td>\n<\/tr>\n<tr>\n<td>Poszwa na ko\u0142dr\u0119<\/td>\n<td>215&#215;143 cm<\/td>\n<\/tr>\n<tr>\n<td>Poszewki na poduszki<\/td>\n<td>70&#215;70 cm (2 szt.) lub 50&#215;70 cm (2 szt.)<\/td>\n<\/tr>\n<\/tbody>\n<\/table>\n<p>\u015arednia waga zestawu 1,5 osobowego (mo\u017ce si\u0119 nieco r\u00f3\u017cni\u0107 w zale\u017cno\u015bci od tkaniny i opakowania) wynosi <strong>1 kg 600 g<\/strong>.<\/p>\n<h2>Czym r\u00f3\u017cni si\u0119 po\u015bciel dwuosobowa od euro?<\/h2>\n<p>Po\u015bciel dwuosobowa ma rozmiar <strong>200&#215;220 cm<\/strong>, podczas gdy po\u015bciel euro ma rozmiar <strong>240&#215;220 cm<\/strong>. Oznacza to, \u017ce po\u015bciel euro jest szersza o 40 cm, co jest du\u017c\u0105 zalet\u0105, je\u015bli masz szerokie \u0142\u00f3\u017cko lub lubisz, gdy po\u015bciel zakrywa boczne strony \u0142\u00f3\u017cka. Inne r\u00f3\u017cnice to:<\/p>\n<ul>\n<li><strong>Kszta\u0142t<\/strong>: Po\u015bciel dwuosobowa ma prostok\u0105tny kszta\u0142t, podczas gdy po\u015bciel euro ma kszta\u0142t kwadratowy.<\/li>\n<li><strong>Zastosowanie<\/strong>: Po\u015bciel euro mo\u017cna u\u017cywa\u0107 nie tylko na \u0142\u00f3\u017ckach, ale tak\u017ce na meblach, takich jak sofy i fotele.<\/li>\n<li><strong>Styl<\/strong>: Po\u015bciel euro cz\u0119sto ma bardziej nowoczesny i stylowy design, co czyni j\u0105 idealnym wyborem dla tych, kt\u00f3rzy chc\u0105 doda\u0107 odrobin\u0119 nowoczesno\u015bci do swojej sypialni. Z drugiej strony, po\u015bciel dwuosobowa mo\u017ce mie\u0107 bardziej tradycyjny design.<\/li>\n<\/ul>\n<p>Podsumowuj\u0105c, po\u015bciel euro i dwuosobowa maj\u0105 szereg r\u00f3\u017cnic, kt\u00f3re mog\u0105 by\u0107 wa\u017cne przy wyborze po\u015bcieli do swojej sypialni.<\/p>\n<h2>Jaki rozmiar ma ko\u0142dra 1,5-osobowa?<\/h2>\n<p>Standardowy rozmiar ko\u0142dry 1,5-osobowej wynosi <strong>140&#215;205 cm<\/strong>. Ko\u0142drom o takich rozmiarach wiele lat temu przyj\u0119\u0142a si\u0119 nazwa \u201erodzinna p\u00f3\u0142torej\u201d, poniewa\u017c nimi zazwyczaj przykrywa\u0142o si\u0119 we dwoje na p\u00f3\u0142torej \u0142\u00f3\u017cku. Obecnie produkuje si\u0119 bardziej komfortowe ko\u0142dry <strong>155&#215;215 cm<\/strong> \u2013 europ\u00f3\u0142torej.<\/p>\n","protected":false},"excerpt":{"rendered":"<p>Zgodnie z rosyjskim GOSTem, po\u015bciel mo\u017cna podzieli\u0107 na: dzieci\u0119c\u0105, p\u00f3\u0142torej osobow\u0105, dwuosobow\u0105, dwuosobow\u0105 z prze\u015bcierad\u0142em euro, euro i rodzinn\u0105. Wymiary po\u015bcieli p\u00f3\u0142torej osobowej Element Wymiary Prze\u015bcierad\u0142o 145&#215;214 cm Poszwa na ko\u0142dr\u0119 143&#215;215 cm Poszewka na poduszk\u0119 70&#215;70 cm (2 szt.) Po\u015bciel p\u00f3\u0142torej osobowa idealnie nadaje si\u0119 na \u0142\u00f3\u017cko, na kt\u00f3rym \u015bpi jedna osoba i dla &#8230; <a title=\"Jaki rozmiar ma po\u015bciel p\u00f3\u0142torej osobowej? Po\u015bciel wed\u0142ug GOST\" class=\"read-more\" href=\"https:\/\/deedeemode-tkaniny.pl\/blog-news\/jaki-rozmiar-ma-posciel-poltorej-osobowej-posciel-wedlug-gost\/\" aria-label=\"Dowiedz si\u0119 wi\u0119cej o Jaki rozmiar ma po\u015bciel p\u00f3\u0142torej osobowej? Po\u015bciel wed\u0142ug GOST\">Dowiedz si\u0119 wi\u0119cej<\/a><\/p>\n","protected":false},"author":687,"featured_media":0,"comment_status":"open","ping_status":"open","sticky":false,"template":"","format":"standard","meta":{"footnotes":""},"categories":[49],"tags":[],"class_list":["post-2171","post","type-post","status-publish","format-standard","hentry","category-j"],"_links":{"self":[{"href":"https:\/\/deedeemode-tkaniny.pl\/blog-news\/wp-json\/wp\/v2\/posts\/2171","targetHints":{"allow":["GET"]}}],"collection":[{"href":"https:\/\/deedeemode-tkaniny.pl\/blog-news\/wp-json\/wp\/v2\/posts"}],"about":[{"href":"https:\/\/deedeemode-tkaniny.pl\/blog-news\/wp-json\/wp\/v2\/types\/post"}],"author":[{"embeddable":true,"href":"https:\/\/deedeemode-tkaniny.pl\/blog-news\/wp-json\/wp\/v2\/users\/687"}],"replies":[{"embeddable":true,"href":"https:\/\/deedeemode-tkaniny.pl\/blog-news\/wp-json\/wp\/v2\/comments?post=2171"}],"version-history":[{"count":1,"href":"https:\/\/deedeemode-tkaniny.pl\/blog-news\/wp-json\/wp\/v2\/posts\/2171\/revisions"}],"predecessor-version":[{"id":2917,"href":"https:\/\/deedeemode-tkaniny.pl\/blog-news\/wp-json\/wp\/v2\/posts\/2171\/revisions\/2917"}],"wp:attachment":[{"href":"https:\/\/deedeemode-tkaniny.pl\/blog-news\/wp-json\/wp\/v2\/media?parent=2171"}],"wp:term":[{"taxonomy":"category","embeddable":true,"href":"https:\/\/deedeemode-tkaniny.pl\/blog-news\/wp-json\/wp\/v2\/categories?post=2171"},{"taxonomy":"post_tag","embeddable":true,"href":"https:\/\/deedeemode-tkaniny.pl\/blog-news\/wp-json\/wp\/v2\/tags?post=2171"}],"curies":[{"name":"wp","href":"https:\/\/api.w.org\/{rel}","templated":true}]}}